{"id":1990,"date":"2025-05-07T19:52:26","date_gmt":"2025-05-07T17:52:26","guid":{"rendered":"https:\/\/newpromusic.de\/sites\/schlager\/?p=1990"},"modified":"2025-05-20T23:54:28","modified_gmt":"2025-05-20T21:54:28","slug":"marvin-markel-auf-den-fluegeln-des-ikarus","status":"publish","type":"post","link":"https:\/\/newpromusic.de\/sites\/schlager\/2025\/05\/07\/marvin-markel-auf-den-fluegeln-des-ikarus\/","title":{"rendered":"MARVIN MARKEL \u2013 Auf den Fl\u00fcgeln des Ikarus"},"content":{"rendered":"\n<p>Mit seiner aktuellen Ver\u00f6ffentlichung \u201eAuf den Fl\u00fcgeln des Ikarus\u201c schl\u00e4gt Marvin Markel nun das<br>n\u00e4chste Kapitel auf.<\/p>\n\n\n\n<p>Der Song aus der Feder von Helmut Hirner und Thorsten Schmidt verbindet gro\u00dfe Gef\u00fchle mit einer<br>poetischen Bildsprache und erz\u00e4hlt von der Liebe in all ihrer Verletzlichkeit \u2013 getragen von einer<br>Melodie, die im Ohr bleibt.<\/p>\n\n\n\n<p>Produziert wurde auch dieser Titel von Johannes Peter Lechner, der Marvin seit Beginn seiner<br>musikalischen Reise begleitet.<\/p>\n\n\n\n<p>Unterst\u00fctzt wurde er dabei von Promoter Uwe Omland, der sein musikalisches Potenzial fr\u00fch erkannte.<\/p>\n\n\n\n<p>Ver\u00f6ffentlicht wird die Single vom erfolgreichen Label &#8220;Fiesta Records&#8221;.<\/p>\n\n\n\n<p>Der Song ist ab 09.05.2025 auf allen Download- und Streaming-Portalen erh\u00e4ltlich<\/p>\n\n\n\n<p>Quelle: Presseinfo Fiesta Records<\/p>\n","protected":false},"excerpt":{"rendered":"<p>Mit seiner aktuellen Ver\u00f6ffentlichung \u201eAuf den Fl\u00fcgeln des Ikarus\u201c schl\u00e4gt Marvin Markel nun dasn\u00e4chste Kapitel&#8230;<\/p>\n","protected":false},"author":2,"featured_media":1993,"comment_status":"open","ping_status":"open","sticky":false,"template":"","format":"standard","meta":{"footnotes":""},"categories":[1,44,64],"tags":[69,96,54],"class_list":["post-1990","post","type-post","status-publish","format-standard","has-post-thumbnail","hentry","category-allgemein","category-schlager","category-volksmusik-schlager","tag-fiesta-records","tag-marvin-markel","tag-schlager"],"featured_image_urls":{"full":["https:\/\/newpromusic.de\/sites\/schlager\/wp-content\/uploads\/sites\/2\/2025\/05\/Cover_AufDenFluegelnDesIkarus-scaled.jpg",2560,2560,false],"thumbnail":["https:\/\/newpromusic.de\/sites\/schlager\/wp-content\/uploads\/sites\/2\/2025\/05\/Cover_AufDenFluegelnDesIkarus-150x150.jpg",150,150,true],"medium":["https:\/\/newpromusic.de\/sites\/schlager\/wp-content\/uploads\/sites\/2\/2025\/05\/Cover_AufDenFluegelnDesIkarus-300x300.jpg",300,300,true],"medium_large":["https:\/\/newpromusic.de\/sites\/schlager\/wp-content\/uploads\/sites\/2\/2025\/05\/Cover_AufDenFluegelnDesIkarus-768x768.jpg",640,640,true],"large":["https:\/\/newpromusic.de\/sites\/schlager\/wp-content\/uploads\/sites\/2\/2025\/05\/Cover_AufDenFluegelnDesIkarus-1024x1024.jpg",640,640,true],"1536x1536":["https:\/\/newpromusic.de\/sites\/schlager\/wp-content\/uploads\/sites\/2\/2025\/05\/Cover_AufDenFluegelnDesIkarus-1536x1536.jpg",1536,1536,true],"2048x2048":["https:\/\/newpromusic.de\/sites\/schlager\/wp-content\/uploads\/sites\/2\/2025\/05\/Cover_AufDenFluegelnDesIkarus-2048x2048.jpg",2048,2048,true],"covernews-featured":["https:\/\/newpromusic.de\/sites\/schlager\/wp-content\/uploads\/sites\/2\/2025\/05\/Cover_AufDenFluegelnDesIkarus-1024x1024.jpg",1024,1024,true],"covernews-medium":["https:\/\/newpromusic.de\/sites\/schlager\/wp-content\/uploads\/sites\/2\/2025\/05\/Cover_AufDenFluegelnDesIkarus-540x340.jpg",540,340,true],"audioigniter_cover":["https:\/\/newpromusic.de\/sites\/schlager\/wp-content\/uploads\/sites\/2\/2025\/05\/Cover_AufDenFluegelnDesIkarus-560x560.jpg",560,560,true]},"author_info":{"display_name":"Derk","author_link":"https:\/\/newpromusic.de\/sites\/schlager\/author\/derk-klein\/"},"category_info":"<a href=\"https:\/\/newpromusic.de\/sites\/schlager\/category\/allgemein\/\" rel=\"category tag\">Allgemein<\/a> <a href=\"https:\/\/newpromusic.de\/sites\/schlager\/category\/schlager\/\" rel=\"category tag\">Schlager<\/a> <a href=\"https:\/\/newpromusic.de\/sites\/schlager\/category\/volksmusik-schlager\/\" rel=\"category tag\">Volksmusik\/Schlager<\/a>","tag_info":"Volksmusik\/Schlager","comment_count":"0","_links":{"self":[{"href":"https:\/\/newpromusic.de\/sites\/schlager\/wp-json\/wp\/v2\/posts\/1990","targetHints":{"allow":["GET"]}}],"collection":[{"href":"https:\/\/newpromusic.de\/sites\/schlager\/wp-json\/wp\/v2\/posts"}],"about":[{"href":"https:\/\/newpromusic.de\/sites\/schlager\/wp-json\/wp\/v2\/types\/post"}],"author":[{"embeddable":true,"href":"https:\/\/newpromusic.de\/sites\/schlager\/wp-json\/wp\/v2\/users\/2"}],"replies":[{"embeddable":true,"href":"https:\/\/newpromusic.de\/sites\/schlager\/wp-json\/wp\/v2\/comments?post=1990"}],"version-history":[{"count":1,"href":"https:\/\/newpromusic.de\/sites\/schlager\/wp-json\/wp\/v2\/posts\/1990\/revisions"}],"predecessor-version":[{"id":1991,"href":"https:\/\/newpromusic.de\/sites\/schlager\/wp-json\/wp\/v2\/posts\/1990\/revisions\/1991"}],"wp:featuredmedia":[{"embeddable":true,"href":"https:\/\/newpromusic.de\/sites\/schlager\/wp-json\/wp\/v2\/media\/1993"}],"wp:attachment":[{"href":"https:\/\/newpromusic.de\/sites\/schlager\/wp-json\/wp\/v2\/media?parent=1990"}],"wp:term":[{"taxonomy":"category","embeddable":true,"href":"https:\/\/newpromusic.de\/sites\/schlager\/wp-json\/wp\/v2\/categories?post=1990"},{"taxonomy":"post_tag","embeddable":true,"href":"https:\/\/newpromusic.de\/sites\/schlager\/wp-json\/wp\/v2\/tags?post=1990"}],"curies":[{"name":"wp","href":"https:\/\/api.w.org\/{rel}","templated":true}]}}