{"id":1994,"date":"2025-05-07T19:58:54","date_gmt":"2025-05-07T17:58:54","guid":{"rendered":"https:\/\/newpromusic.de\/sites\/schlager\/?p=1994"},"modified":"2025-05-20T23:55:10","modified_gmt":"2025-05-20T21:55:10","slug":"conny-mess-wir-sind-wieder-frei-nur-so-remix","status":"publish","type":"post","link":"https:\/\/newpromusic.de\/sites\/schlager\/2025\/05\/07\/conny-mess-wir-sind-wieder-frei-nur-so-remix\/","title":{"rendered":"CONNY MESS \u2013 Wir sind wieder frei (Nur So! Remix)"},"content":{"rendered":"\n<p>Der \u00f6sterreichische Schlagers\u00e4nger Conny Mess pr\u00e4sentiert mit \u201eWir sind wieder frei\u201c einen<br>emotionalen und tanzbaren Song, der das Thema Freiheit in den Mittelpunkt stellt.<\/p>\n\n\n\n<p>Mit dem Nur So! Remix verleiht er dem Song noch mehr Glanz und schafft einen emotionalen, jedoch<br>auch super tanzbaren Titel.<\/p>\n\n\n\n<p>F\u00fcr ihn ist Freiheit mehr als ein Begriff \u2013 sie basiert auf Logik, Vernunft und Erfahrung und soll das<br>h\u00f6chste Gut der Menschheit sein. Mit eing\u00e4ngiger Melodie und radiotauglichem Sound kn\u00fcpft er an<br>seine bisherigen Erfolge in den DJ-Charts in Deutschland und \u00d6sterreich an.<\/p>\n\n\n\n<p>\u201eWir sind wieder frei\u201c hat Hit-Potenzial und soll viele Menschen erreichen.<\/p>\n\n\n\n<p>Ver\u00f6ffentlicht wird die Single vom erfolgreichen Label &#8220;Fiesta Records&#8221;.<\/p>\n\n\n\n<p>Der Song ist ab 09.05.2025 auf allen Download- und Streaming-Portalen erh\u00e4ltlich.<\/p>\n\n\n\n<p>Quelle: Presseinfo Fiesta Records<\/p>\n","protected":false},"excerpt":{"rendered":"<p>Der \u00f6sterreichische Schlagers\u00e4nger Conny Mess pr\u00e4sentiert mit \u201eWir sind wieder frei\u201c einenemotionalen und tanzbaren Song,&#8230;<\/p>\n","protected":false},"author":2,"featured_media":1995,"comment_status":"open","ping_status":"open","sticky":false,"template":"","format":"standard","meta":{"footnotes":""},"categories":[1,44,64],"tags":[97,69,54],"class_list":["post-1994","post","type-post","status-publish","format-standard","has-post-thumbnail","hentry","category-allgemein","category-schlager","category-volksmusik-schlager","tag-conny-mess","tag-fiesta-records","tag-schlager"],"featured_image_urls":{"full":["https:\/\/newpromusic.de\/sites\/schlager\/wp-content\/uploads\/sites\/2\/2025\/05\/Cover_WirSindWiederFreiNur-So-Remix-scaled.jpg",2560,2560,false],"thumbnail":["https:\/\/newpromusic.de\/sites\/schlager\/wp-content\/uploads\/sites\/2\/2025\/05\/Cover_WirSindWiederFreiNur-So-Remix-150x150.jpg",150,150,true],"medium":["https:\/\/newpromusic.de\/sites\/schlager\/wp-content\/uploads\/sites\/2\/2025\/05\/Cover_WirSindWiederFreiNur-So-Remix-300x300.jpg",300,300,true],"medium_large":["https:\/\/newpromusic.de\/sites\/schlager\/wp-content\/uploads\/sites\/2\/2025\/05\/Cover_WirSindWiederFreiNur-So-Remix-768x768.jpg",640,640,true],"large":["https:\/\/newpromusic.de\/sites\/schlager\/wp-content\/uploads\/sites\/2\/2025\/05\/Cover_WirSindWiederFreiNur-So-Remix-1024x1024.jpg",640,640,true],"1536x1536":["https:\/\/newpromusic.de\/sites\/schlager\/wp-content\/uploads\/sites\/2\/2025\/05\/Cover_WirSindWiederFreiNur-So-Remix-1536x1536.jpg",1536,1536,true],"2048x2048":["https:\/\/newpromusic.de\/sites\/schlager\/wp-content\/uploads\/sites\/2\/2025\/05\/Cover_WirSindWiederFreiNur-So-Remix-2048x2048.jpg",2048,2048,true],"covernews-featured":["https:\/\/newpromusic.de\/sites\/schlager\/wp-content\/uploads\/sites\/2\/2025\/05\/Cover_WirSindWiederFreiNur-So-Remix-1024x1024.jpg",1024,1024,true],"covernews-medium":["https:\/\/newpromusic.de\/sites\/schlager\/wp-content\/uploads\/sites\/2\/2025\/05\/Cover_WirSindWiederFreiNur-So-Remix-540x340.jpg",540,340,true],"audioigniter_cover":["https:\/\/newpromusic.de\/sites\/schlager\/wp-content\/uploads\/sites\/2\/2025\/05\/Cover_WirSindWiederFreiNur-So-Remix-560x560.jpg",560,560,true]},"author_info":{"display_name":"Derk","author_link":"https:\/\/newpromusic.de\/sites\/schlager\/author\/derk-klein\/"},"category_info":"<a href=\"https:\/\/newpromusic.de\/sites\/schlager\/category\/allgemein\/\" rel=\"category tag\">Allgemein<\/a> <a href=\"https:\/\/newpromusic.de\/sites\/schlager\/category\/schlager\/\" rel=\"category tag\">Schlager<\/a> <a href=\"https:\/\/newpromusic.de\/sites\/schlager\/category\/volksmusik-schlager\/\" rel=\"category tag\">Volksmusik\/Schlager<\/a>","tag_info":"Volksmusik\/Schlager","comment_count":"0","_links":{"self":[{"href":"https:\/\/newpromusic.de\/sites\/schlager\/wp-json\/wp\/v2\/posts\/1994","targetHints":{"allow":["GET"]}}],"collection":[{"href":"https:\/\/newpromusic.de\/sites\/schlager\/wp-json\/wp\/v2\/posts"}],"about":[{"href":"https:\/\/newpromusic.de\/sites\/schlager\/wp-json\/wp\/v2\/types\/post"}],"author":[{"embeddable":true,"href":"https:\/\/newpromusic.de\/sites\/schlager\/wp-json\/wp\/v2\/users\/2"}],"replies":[{"embeddable":true,"href":"https:\/\/newpromusic.de\/sites\/schlager\/wp-json\/wp\/v2\/comments?post=1994"}],"version-history":[{"count":1,"href":"https:\/\/newpromusic.de\/sites\/schlager\/wp-json\/wp\/v2\/posts\/1994\/revisions"}],"predecessor-version":[{"id":1996,"href":"https:\/\/newpromusic.de\/sites\/schlager\/wp-json\/wp\/v2\/posts\/1994\/revisions\/1996"}],"wp:featuredmedia":[{"embeddable":true,"href":"https:\/\/newpromusic.de\/sites\/schlager\/wp-json\/wp\/v2\/media\/1995"}],"wp:attachment":[{"href":"https:\/\/newpromusic.de\/sites\/schlager\/wp-json\/wp\/v2\/media?parent=1994"}],"wp:term":[{"taxonomy":"category","embeddable":true,"href":"https:\/\/newpromusic.de\/sites\/schlager\/wp-json\/wp\/v2\/categories?post=1994"},{"taxonomy":"post_tag","embeddable":true,"href":"https:\/\/newpromusic.de\/sites\/schlager\/wp-json\/wp\/v2\/tags?post=1994"}],"curies":[{"name":"wp","href":"https:\/\/api.w.org\/{rel}","templated":true}]}}