{"id":2000,"date":"2025-05-07T20:06:07","date_gmt":"2025-05-07T18:06:07","guid":{"rendered":"https:\/\/newpromusic.de\/sites\/schlager\/?p=2000"},"modified":"2025-05-20T23:56:19","modified_gmt":"2025-05-20T21:56:19","slug":"anni-marie-michael-corda-richtung-glueck","status":"publish","type":"post","link":"https:\/\/newpromusic.de\/sites\/schlager\/2025\/05\/07\/anni-marie-michael-corda-richtung-glueck\/","title":{"rendered":"Anni Marie &amp; Michael Corda &#8211; Richtung Gl\u00fcck"},"content":{"rendered":"\n<p>Dieser Song klingt nach Sonne, Wind \u2013 und dieser einen Entscheidung: einfach loszufahren Richtung<br>Gl\u00fcck.<\/p>\n\n\n\n<p>Das neue Duett von Anni Marie und Michael Corda f\u00e4ngt genau den Moment ein, in dem das Leben<br>wieder leicht wird \u2013 und das Herz wieder lachen darf.<\/p>\n\n\n\n<p>Mit kraftvollen Bildern und einer emotionalen Melodie laden die beiden die Zuh\u00f6rer ein, f\u00fcr ein paar<br>Minuten dem Alltag zu entfliehen \u2013 raus aus dem Alltagsgrau, rein ins Himmelblau.<\/p>\n\n\n\n<p>F\u00fcr das Musikvideo ging es an die niederl\u00e4ndische K\u00fcste: Ein Cabrio, endlose Sandstr\u00e4nde, der Blick<br>aufs Meer.<br>Die beiden zeigen sich dabei in Momenten voller Leichtigkeit, N\u00e4he und Lebensfreude \u2013 so nat\u00fcrlich<br>wie der Song selbst. Das Motto: Das Leben ist zu kurz f\u00fcr irgendwann.<\/p>\n\n\n\n<p>Der Song wurde von Michael Corda komponiert und getextet. Die Produktion stammt vom<br>erfolgreichen Produzententeam C-Base. Gro\u00dfe Ch\u00f6re, eing\u00e4ngige Melodien und warme<br>Gitarrenkl\u00e4nge verleihen dem Song seine besondere Stimmung \u2013 modern und gleichzeitig hautnah<br>am klassischen Schlagergef\u00fchl.<\/p>\n\n\n\n<p>Bereits vor ihrem Duett \u201eRichtung Gl\u00fcck\u201c verband Anni Marie und Michael Corda eine musikalische<br>Zusammenarbeit: Die Titel \u201eIch tr\u00e4um\u2019 wieder in Farbe\u201c und \u201eSonne im Herzen\u201c, die von Michael Corda<br>mitkomponiert und -getextet wurden, wurden von Anni Marie gef\u00fchlvoll interpretiert und hielten sich<br>wochenlang in den offiziellen Airplay-Charts.<\/p>\n\n\n\n<p>Mit \u201eRichtung Gl\u00fcck\u201c zeigen Anni Marie und Michael Corda, dass moderner Schlager nicht nur<br>unterhalten darf \u2013 sondern auch ber\u00fchren, erz\u00e4hlen und verbinden.<\/p>\n\n\n\n<p>Ver\u00f6ffentlicht wird die Single vom erfolgreichen Label &#8220;Fiesta Records&#8221; (Andreas Rosmiarek, LC<br>02000).<\/p>\n\n\n\n<p>Der Song ist ab 09.05.2025 auf allen Download- und Streaming-Portalen erh\u00e4ltlich.<\/p>\n\n\n\n<p>Quelle: Presseinfo Fiesta Records<\/p>\n","protected":false},"excerpt":{"rendered":"<p>Dieser Song klingt nach Sonne, Wind \u2013 und dieser einen Entscheidung: einfach loszufahren RichtungGl\u00fcck. Das&#8230;<\/p>\n","protected":false},"author":2,"featured_media":2003,"comment_status":"open","ping_status":"open","sticky":false,"template":"","format":"standard","meta":{"footnotes":""},"categories":[1,44,64],"tags":[99,69,100,54],"class_list":["post-2000","post","type-post","status-publish","format-standard","has-post-thumbnail","hentry","category-allgemein","category-schlager","category-volksmusik-schlager","tag-anni-marie","tag-fiesta-records","tag-michael-corda","tag-schlager"],"featured_image_urls":{"full":["https:\/\/newpromusic.de\/sites\/schlager\/wp-content\/uploads\/sites\/2\/2025\/05\/Cover_RichtungGlueck-scaled.jpg",2560,2560,false],"thumbnail":["https:\/\/newpromusic.de\/sites\/schlager\/wp-content\/uploads\/sites\/2\/2025\/05\/Cover_RichtungGlueck-150x150.jpg",150,150,true],"medium":["https:\/\/newpromusic.de\/sites\/schlager\/wp-content\/uploads\/sites\/2\/2025\/05\/Cover_RichtungGlueck-300x300.jpg",300,300,true],"medium_large":["https:\/\/newpromusic.de\/sites\/schlager\/wp-content\/uploads\/sites\/2\/2025\/05\/Cover_RichtungGlueck-768x768.jpg",640,640,true],"large":["https:\/\/newpromusic.de\/sites\/schlager\/wp-content\/uploads\/sites\/2\/2025\/05\/Cover_RichtungGlueck-1024x1024.jpg",640,640,true],"1536x1536":["https:\/\/newpromusic.de\/sites\/schlager\/wp-content\/uploads\/sites\/2\/2025\/05\/Cover_RichtungGlueck-1536x1536.jpg",1536,1536,true],"2048x2048":["https:\/\/newpromusic.de\/sites\/schlager\/wp-content\/uploads\/sites\/2\/2025\/05\/Cover_RichtungGlueck-2048x2048.jpg",2048,2048,true],"covernews-featured":["https:\/\/newpromusic.de\/sites\/schlager\/wp-content\/uploads\/sites\/2\/2025\/05\/Cover_RichtungGlueck-1024x1024.jpg",1024,1024,true],"covernews-medium":["https:\/\/newpromusic.de\/sites\/schlager\/wp-content\/uploads\/sites\/2\/2025\/05\/Cover_RichtungGlueck-540x340.jpg",540,340,true],"audioigniter_cover":["https:\/\/newpromusic.de\/sites\/schlager\/wp-content\/uploads\/sites\/2\/2025\/05\/Cover_RichtungGlueck-560x560.jpg",560,560,true]},"author_info":{"display_name":"Derk","author_link":"https:\/\/newpromusic.de\/sites\/schlager\/author\/derk-klein\/"},"category_info":"<a href=\"https:\/\/newpromusic.de\/sites\/schlager\/category\/allgemein\/\" rel=\"category tag\">Allgemein<\/a> <a href=\"https:\/\/newpromusic.de\/sites\/schlager\/category\/schlager\/\" rel=\"category tag\">Schlager<\/a> <a href=\"https:\/\/newpromusic.de\/sites\/schlager\/category\/volksmusik-schlager\/\" rel=\"category tag\">Volksmusik\/Schlager<\/a>","tag_info":"Volksmusik\/Schlager","comment_count":"0","_links":{"self":[{"href":"https:\/\/newpromusic.de\/sites\/schlager\/wp-json\/wp\/v2\/posts\/2000","targetHints":{"allow":["GET"]}}],"collection":[{"href":"https:\/\/newpromusic.de\/sites\/schlager\/wp-json\/wp\/v2\/posts"}],"about":[{"href":"https:\/\/newpromusic.de\/sites\/schlager\/wp-json\/wp\/v2\/types\/post"}],"author":[{"embeddable":true,"href":"https:\/\/newpromusic.de\/sites\/schlager\/wp-json\/wp\/v2\/users\/2"}],"replies":[{"embeddable":true,"href":"https:\/\/newpromusic.de\/sites\/schlager\/wp-json\/wp\/v2\/comments?post=2000"}],"version-history":[{"count":1,"href":"https:\/\/newpromusic.de\/sites\/schlager\/wp-json\/wp\/v2\/posts\/2000\/revisions"}],"predecessor-version":[{"id":2004,"href":"https:\/\/newpromusic.de\/sites\/schlager\/wp-json\/wp\/v2\/posts\/2000\/revisions\/2004"}],"wp:featuredmedia":[{"embeddable":true,"href":"https:\/\/newpromusic.de\/sites\/schlager\/wp-json\/wp\/v2\/media\/2003"}],"wp:attachment":[{"href":"https:\/\/newpromusic.de\/sites\/schlager\/wp-json\/wp\/v2\/media?parent=2000"}],"wp:term":[{"taxonomy":"category","embeddable":true,"href":"https:\/\/newpromusic.de\/sites\/schlager\/wp-json\/wp\/v2\/categories?post=2000"},{"taxonomy":"post_tag","embeddable":true,"href":"https:\/\/newpromusic.de\/sites\/schlager\/wp-json\/wp\/v2\/tags?post=2000"}],"curies":[{"name":"wp","href":"https:\/\/api.w.org\/{rel}","templated":true}]}}