{"id":2005,"date":"2025-05-07T20:11:23","date_gmt":"2025-05-07T18:11:23","guid":{"rendered":"https:\/\/newpromusic.de\/sites\/schlager\/?p=2005"},"modified":"2025-05-20T23:57:00","modified_gmt":"2025-05-20T21:57:00","slug":"frank-heller-vergiss-mein-herz-nicht-wenn-du-gehst","status":"publish","type":"post","link":"https:\/\/newpromusic.de\/sites\/schlager\/2025\/05\/07\/frank-heller-vergiss-mein-herz-nicht-wenn-du-gehst\/","title":{"rendered":"Frank Heller \u2013 Vergiss mein Herz nicht, wenn du gehst"},"content":{"rendered":"\n<p>Frank Heller meldet sich mit emotionaler neuer Single zur\u00fcck: \u201eVergiss mein Herz nicht, wenn du gehst\u201c<\/p>\n\n\n\n<p>Mit seiner neuen Single \u201eVergiss mein Herz nicht, wenn du gehst\u201c schl\u00e4gt Frank Heller ein weiteres<br>emotionales Kapitel auf seiner musikalischen Reise auf. Mit seiner warmen Stimme und seiner Vorliebe f\u00fcr<br>tiefgr\u00fcndige Texte gelingt es ihm erneut, gro\u00dfe Gef\u00fchle greifbar zu machen.<\/p>\n\n\n\n<p>Nach dem Erfolg seiner letzten Single \u201eLieben hei\u00dft\u201c und zahlreichen gefeierten Auftritten zeigt Frank nun<br>eine ruhigere und nachdenklichere Seite von sich.<br>\u201eVergiss mein Herz nicht, wenn du gehst\u201c ist kein klassischer Trennungssong. Vielmehr erz\u00e4hlt er von einer<br>Liebe, die bleibt \u2013 und davon, dass echte Gef\u00fchle nicht einfach verschwinden, selbst wenn man getrennte<br>Wege geht.<\/p>\n\n\n\n<p>Mit dieser Single beweist Frank Heller, wie einf\u00fchlsam und nahbar er musikalische Geschichten erz\u00e4hlen<br>kann. Bekannt ist er vor allem durch seine Auftritte mit Bands wie den Grazer Spitzbuam, dem Bergland Trio,<br>Solid Gold oder Inferno, bei denen er meist f\u00fcr ausgelassene Stimmung sorgt. Nun d\u00fcrfen sich seine Fans auf<br>eine neue, gef\u00fchlvollere Facette des S\u00e4ngers freuen.<\/p>\n\n\n\n<p>Quelle: Presseinfo MUSIKTIPP.TV<\/p>\n\n\n\n<p><\/p>\n","protected":false},"excerpt":{"rendered":"<p>Frank Heller meldet sich mit emotionaler neuer Single zur\u00fcck: \u201eVergiss mein Herz nicht, wenn du&#8230;<\/p>\n","protected":false},"author":2,"featured_media":2006,"comment_status":"open","ping_status":"open","sticky":false,"template":"","format":"standard","meta":{"footnotes":""},"categories":[1,44,64],"tags":[102,101,54],"class_list":["post-2005","post","type-post","status-publish","format-standard","has-post-thumbnail","hentry","category-allgemein","category-schlager","category-volksmusik-schlager","tag-frank-heller","tag-musiktipp-tv","tag-schlager"],"featured_image_urls":{"full":["https:\/\/newpromusic.de\/sites\/schlager\/wp-content\/uploads\/sites\/2\/2025\/05\/Frank-Heller-Vergiss-mein-Herz-nicht-wenn-du-gehst-Cover-600px.jpg",600,600,false],"thumbnail":["https:\/\/newpromusic.de\/sites\/schlager\/wp-content\/uploads\/sites\/2\/2025\/05\/Frank-Heller-Vergiss-mein-Herz-nicht-wenn-du-gehst-Cover-600px-150x150.jpg",150,150,true],"medium":["https:\/\/newpromusic.de\/sites\/schlager\/wp-content\/uploads\/sites\/2\/2025\/05\/Frank-Heller-Vergiss-mein-Herz-nicht-wenn-du-gehst-Cover-600px-300x300.jpg",300,300,true],"medium_large":["https:\/\/newpromusic.de\/sites\/schlager\/wp-content\/uploads\/sites\/2\/2025\/05\/Frank-Heller-Vergiss-mein-Herz-nicht-wenn-du-gehst-Cover-600px.jpg",600,600,false],"large":["https:\/\/newpromusic.de\/sites\/schlager\/wp-content\/uploads\/sites\/2\/2025\/05\/Frank-Heller-Vergiss-mein-Herz-nicht-wenn-du-gehst-Cover-600px.jpg",600,600,false],"1536x1536":["https:\/\/newpromusic.de\/sites\/schlager\/wp-content\/uploads\/sites\/2\/2025\/05\/Frank-Heller-Vergiss-mein-Herz-nicht-wenn-du-gehst-Cover-600px.jpg",600,600,false],"2048x2048":["https:\/\/newpromusic.de\/sites\/schlager\/wp-content\/uploads\/sites\/2\/2025\/05\/Frank-Heller-Vergiss-mein-Herz-nicht-wenn-du-gehst-Cover-600px.jpg",600,600,false],"covernews-featured":["https:\/\/newpromusic.de\/sites\/schlager\/wp-content\/uploads\/sites\/2\/2025\/05\/Frank-Heller-Vergiss-mein-Herz-nicht-wenn-du-gehst-Cover-600px.jpg",600,600,false],"covernews-medium":["https:\/\/newpromusic.de\/sites\/schlager\/wp-content\/uploads\/sites\/2\/2025\/05\/Frank-Heller-Vergiss-mein-Herz-nicht-wenn-du-gehst-Cover-600px-540x340.jpg",540,340,true],"audioigniter_cover":["https:\/\/newpromusic.de\/sites\/schlager\/wp-content\/uploads\/sites\/2\/2025\/05\/Frank-Heller-Vergiss-mein-Herz-nicht-wenn-du-gehst-Cover-600px-560x560.jpg",560,560,true]},"author_info":{"display_name":"Derk","author_link":"https:\/\/newpromusic.de\/sites\/schlager\/author\/derk-klein\/"},"category_info":"<a href=\"https:\/\/newpromusic.de\/sites\/schlager\/category\/allgemein\/\" rel=\"category tag\">Allgemein<\/a> <a href=\"https:\/\/newpromusic.de\/sites\/schlager\/category\/schlager\/\" rel=\"category tag\">Schlager<\/a> <a href=\"https:\/\/newpromusic.de\/sites\/schlager\/category\/volksmusik-schlager\/\" rel=\"category tag\">Volksmusik\/Schlager<\/a>","tag_info":"Volksmusik\/Schlager","comment_count":"0","_links":{"self":[{"href":"https:\/\/newpromusic.de\/sites\/schlager\/wp-json\/wp\/v2\/posts\/2005","targetHints":{"allow":["GET"]}}],"collection":[{"href":"https:\/\/newpromusic.de\/sites\/schlager\/wp-json\/wp\/v2\/posts"}],"about":[{"href":"https:\/\/newpromusic.de\/sites\/schlager\/wp-json\/wp\/v2\/types\/post"}],"author":[{"embeddable":true,"href":"https:\/\/newpromusic.de\/sites\/schlager\/wp-json\/wp\/v2\/users\/2"}],"replies":[{"embeddable":true,"href":"https:\/\/newpromusic.de\/sites\/schlager\/wp-json\/wp\/v2\/comments?post=2005"}],"version-history":[{"count":2,"href":"https:\/\/newpromusic.de\/sites\/schlager\/wp-json\/wp\/v2\/posts\/2005\/revisions"}],"predecessor-version":[{"id":2008,"href":"https:\/\/newpromusic.de\/sites\/schlager\/wp-json\/wp\/v2\/posts\/2005\/revisions\/2008"}],"wp:featuredmedia":[{"embeddable":true,"href":"https:\/\/newpromusic.de\/sites\/schlager\/wp-json\/wp\/v2\/media\/2006"}],"wp:attachment":[{"href":"https:\/\/newpromusic.de\/sites\/schlager\/wp-json\/wp\/v2\/media?parent=2005"}],"wp:term":[{"taxonomy":"category","embeddable":true,"href":"https:\/\/newpromusic.de\/sites\/schlager\/wp-json\/wp\/v2\/categories?post=2005"},{"taxonomy":"post_tag","embeddable":true,"href":"https:\/\/newpromusic.de\/sites\/schlager\/wp-json\/wp\/v2\/tags?post=2005"}],"curies":[{"name":"wp","href":"https:\/\/api.w.org\/{rel}","templated":true}]}}