{"id":2013,"date":"2025-05-09T11:20:00","date_gmt":"2025-05-09T09:20:00","guid":{"rendered":"https:\/\/newpromusic.de\/sites\/schlager\/?p=2013"},"modified":"2025-05-20T23:58:42","modified_gmt":"2025-05-20T21:58:42","slug":"bernd-leon-du-bist-das-pure-gift-fuer-mich","status":"publish","type":"post","link":"https:\/\/newpromusic.de\/sites\/schlager\/2025\/05\/09\/bernd-leon-du-bist-das-pure-gift-fuer-mich\/","title":{"rendered":"BERND LEON \u2013 Du bist das pure Gift f\u00fcr mich"},"content":{"rendered":"\n<p>Der Titel \u201eDu bist das pure Gift\u201c entstand in einer emotional aufgeladenen Nacht, als dem K\u00fcnstler<br>pl\u00f6tzlich die Zeile \u201eDu bist das pure Gift f\u00fcr mich\u201c durch den Kopf schoss \u2013 ein spontaner, intensiver<br>Moment voller Leidenschaft.<\/p>\n\n\n\n<p>Diese Worte standen sinnbildlich f\u00fcr eine ganz besondere Liebe, die ihn tief ber\u00fchrte: eine Beziehung<br>voller Sehnsucht, Leidenschaft und \u00fcberw\u00e4ltigender Gedanken.<\/p>\n\n\n\n<p>Die Liebe, die diesem Song zugrunde liegt, f\u00fchlt sich an wie ein berauschendes Gift \u2013 faszinierend<br>und lebensbejahend, aber zugleich fordernd und manchmal schmerzhaft.<\/p>\n\n\n\n<p>Sie bringt H\u00f6henfl\u00fcge und Abgr\u00fcnde, Freude und Wahnsinn, Gl\u00fcck und Angst.<\/p>\n\n\n\n<p>Der Songtitel bringt diese emotionale Ambivalenz auf den Punkt: eine Hommage an die Kraft der<br>Gef\u00fchle, die uns ebenso befl\u00fcgeln wie an unsere Grenzen f\u00fchren k\u00f6nnen.<\/p>\n\n\n\n<p>Ver\u00f6ffentlicht wird die Single vom erfolgreichen Label &#8220;Fiesta Records&#8221;.<\/p>\n\n\n\n<p>Der Song ist ab 09.05.2025 auf allen Download- und Streaming-Portalen erh\u00e4ltlich.<\/p>\n\n\n\n<figure class=\"wp-block-embed is-type-video is-provider-youtube wp-block-embed-youtube wp-embed-aspect-4-3 wp-has-aspect-ratio\"><div class=\"wp-block-embed__wrapper\">\n<iframe title=\"Du bist das pure Gift f\u00fcr mich\" width=\"640\" height=\"480\" src=\"https:\/\/www.youtube.com\/embed\/BCfu1btXAjA?list=OLAK5uy_kDFt1HWKgWGo2T76psIV9-fW8Q2t-37Uw\" frameborder=\"0\" allow=\"accelerometer; autoplay; clipboard-write; encrypted-media; gyroscope; picture-in-picture; web-share\" referrerpolicy=\"strict-origin-when-cross-origin\" allowfullscreen><\/iframe>\n<\/div><\/figure>\n\n\n\n<p>Quelle: Presseinfo Fiesta Records<\/p>\n","protected":false},"excerpt":{"rendered":"<p>Der Titel \u201eDu bist das pure Gift\u201c entstand in einer emotional aufgeladenen Nacht, als dem&#8230;<\/p>\n","protected":false},"author":2,"featured_media":2014,"comment_status":"open","ping_status":"open","sticky":false,"template":"","format":"standard","meta":{"footnotes":""},"categories":[1,44,64],"tags":[105,69,54],"class_list":["post-2013","post","type-post","status-publish","format-standard","has-post-thumbnail","hentry","category-allgemein","category-schlager","category-volksmusik-schlager","tag-bernd-leon","tag-fiesta-records","tag-schlager"],"featured_image_urls":{"full":["https:\/\/newpromusic.de\/sites\/schlager\/wp-content\/uploads\/sites\/2\/2025\/05\/Cover_DuBistDasPureGiftFuerMich-scaled.jpg",2560,2560,false],"thumbnail":["https:\/\/newpromusic.de\/sites\/schlager\/wp-content\/uploads\/sites\/2\/2025\/05\/Cover_DuBistDasPureGiftFuerMich-150x150.jpg",150,150,true],"medium":["https:\/\/newpromusic.de\/sites\/schlager\/wp-content\/uploads\/sites\/2\/2025\/05\/Cover_DuBistDasPureGiftFuerMich-300x300.jpg",300,300,true],"medium_large":["https:\/\/newpromusic.de\/sites\/schlager\/wp-content\/uploads\/sites\/2\/2025\/05\/Cover_DuBistDasPureGiftFuerMich-768x768.jpg",640,640,true],"large":["https:\/\/newpromusic.de\/sites\/schlager\/wp-content\/uploads\/sites\/2\/2025\/05\/Cover_DuBistDasPureGiftFuerMich-1024x1024.jpg",640,640,true],"1536x1536":["https:\/\/newpromusic.de\/sites\/schlager\/wp-content\/uploads\/sites\/2\/2025\/05\/Cover_DuBistDasPureGiftFuerMich-1536x1536.jpg",1536,1536,true],"2048x2048":["https:\/\/newpromusic.de\/sites\/schlager\/wp-content\/uploads\/sites\/2\/2025\/05\/Cover_DuBistDasPureGiftFuerMich-2048x2048.jpg",2048,2048,true],"covernews-featured":["https:\/\/newpromusic.de\/sites\/schlager\/wp-content\/uploads\/sites\/2\/2025\/05\/Cover_DuBistDasPureGiftFuerMich-1024x1024.jpg",1024,1024,true],"covernews-medium":["https:\/\/newpromusic.de\/sites\/schlager\/wp-content\/uploads\/sites\/2\/2025\/05\/Cover_DuBistDasPureGiftFuerMich-540x340.jpg",540,340,true],"audioigniter_cover":["https:\/\/newpromusic.de\/sites\/schlager\/wp-content\/uploads\/sites\/2\/2025\/05\/Cover_DuBistDasPureGiftFuerMich-560x560.jpg",560,560,true]},"author_info":{"display_name":"Derk","author_link":"https:\/\/newpromusic.de\/sites\/schlager\/author\/derk-klein\/"},"category_info":"<a href=\"https:\/\/newpromusic.de\/sites\/schlager\/category\/allgemein\/\" rel=\"category tag\">Allgemein<\/a> <a href=\"https:\/\/newpromusic.de\/sites\/schlager\/category\/schlager\/\" rel=\"category tag\">Schlager<\/a> <a href=\"https:\/\/newpromusic.de\/sites\/schlager\/category\/volksmusik-schlager\/\" rel=\"category tag\">Volksmusik\/Schlager<\/a>","tag_info":"Volksmusik\/Schlager","comment_count":"0","_links":{"self":[{"href":"https:\/\/newpromusic.de\/sites\/schlager\/wp-json\/wp\/v2\/posts\/2013","targetHints":{"allow":["GET"]}}],"collection":[{"href":"https:\/\/newpromusic.de\/sites\/schlager\/wp-json\/wp\/v2\/posts"}],"about":[{"href":"https:\/\/newpromusic.de\/sites\/schlager\/wp-json\/wp\/v2\/types\/post"}],"author":[{"embeddable":true,"href":"https:\/\/newpromusic.de\/sites\/schlager\/wp-json\/wp\/v2\/users\/2"}],"replies":[{"embeddable":true,"href":"https:\/\/newpromusic.de\/sites\/schlager\/wp-json\/wp\/v2\/comments?post=2013"}],"version-history":[{"count":1,"href":"https:\/\/newpromusic.de\/sites\/schlager\/wp-json\/wp\/v2\/posts\/2013\/revisions"}],"predecessor-version":[{"id":2015,"href":"https:\/\/newpromusic.de\/sites\/schlager\/wp-json\/wp\/v2\/posts\/2013\/revisions\/2015"}],"wp:featuredmedia":[{"embeddable":true,"href":"https:\/\/newpromusic.de\/sites\/schlager\/wp-json\/wp\/v2\/media\/2014"}],"wp:attachment":[{"href":"https:\/\/newpromusic.de\/sites\/schlager\/wp-json\/wp\/v2\/media?parent=2013"}],"wp:term":[{"taxonomy":"category","embeddable":true,"href":"https:\/\/newpromusic.de\/sites\/schlager\/wp-json\/wp\/v2\/categories?post=2013"},{"taxonomy":"post_tag","embeddable":true,"href":"https:\/\/newpromusic.de\/sites\/schlager\/wp-json\/wp\/v2\/tags?post=2013"}],"curies":[{"name":"wp","href":"https:\/\/api.w.org\/{rel}","templated":true}]}}