{"id":2030,"date":"2023-11-03T18:20:00","date_gmt":"2023-11-03T17:20:00","guid":{"rendered":"https:\/\/newpromusic.de\/sites\/schlager\/?p=2030"},"modified":"2025-05-20T22:58:29","modified_gmt":"2025-05-20T20:58:29","slug":"peter-sebastian-musicano-musicano","status":"publish","type":"post","link":"https:\/\/newpromusic.de\/sites\/schlager\/2023\/11\/03\/peter-sebastian-musicano-musicano\/","title":{"rendered":"Peter Sebastian &#8211; Musicano, Musicano"},"content":{"rendered":"\n<p><a target=\"_blank\" rel=\"noreferrer noopener\"><strong>&#8220;Du Schwarzer Zigeuner&#8221; &#8211; Ein St\u00fcck Schlagergeschichte im Wandel der Zeit<\/strong><\/a><\/p>\n\n\n\n<p>&#8220;Du Schwarzer Zigeuner&#8221;, ein Tango voller Emotionen und Tiefe, schrieb sich vor fast 100 Jahren fest ins Repertoire der internationalen Musikszene. Komponiert von Karel Vacek, wurde das Lied inspiriert von seinen Erfahrungen in Frankreich mit einer Zirkuskapelle und seiner Zeit in verschiedenen Jazz-Ensembles. Nur wenige Jahre nach seiner Entstehung wurde der Tango bereits unter dem Warenzeichen der Gloria der Carl Lindstr\u00f6m AG ver\u00f6ffentlicht, dem damals gr\u00f6\u00dften Plattenkonzern Europas.<\/p>\n\n\n\n<p>Der Tango erfuhr \u00fcber die Jahre unterschiedlichste Interpretationen. Im Jahr 1953 konnte VICO TORRIANI mit seiner Version einen gro\u00dfen Hit landen. 35 Jahre sp\u00e4ter, 1988, brachte PETER SEBASTIAN, auch bekannt als &#8220;Mr. GUTE LAUNE&#8221;, dem Song neues Leben ein. Die modernisierte Melodie wurde zu seinem wohl gr\u00f6\u00dften Hit und ist noch heute fester Bestandteil seiner Konzerte.<\/p>\n\n\n\n<p>Doch die Zeiten \u00e4ndern sich, und mit ihnen die Wahrnehmung bestimmter Begriffe. W\u00e4hrend der Songtitel zu seinen Anf\u00e4ngen keinerlei Anlass zur Kritik bot, wird das Wort &#8220;Zigeuner&#8221; heute oft als herabsetzend betrachtet. PETER SEBASTIAN, obwohl nach wie vor verliebt in diesen Evergreen, sp\u00fcrt diesen Wandel und kann den Song nicht mehr ohne ein gewisses Unbehagen performen. Veranstalter und Fans sind gespalten: W\u00e4hrend die einen den Klassiker nach wie vor h\u00f6ren wollen, w\u00fcnschen andere, dass er ihn nicht mehr singt.<\/p>\n\n\n\n<p>Doch der Hamburger Entertainer fand eine geniale L\u00f6sung: Warum nicht nach 35 Jahren ein neues Soundgewand schaffen und dabei auch den Titel modernisieren? \u201eMusicano, Musicano\u201c k\u00f6nnte der neue Titel lauten, ohne die urspr\u00fcngliche Melodie und ihren Charakter zu ver\u00e4ndern \u2013 so dachte er sich. Gesagt \u2013 getan: Ein Kompromiss, der nicht nur treue Fans anspricht, sondern vielleicht auch die j\u00fcngere Generation an die einzigartige Komposition von KAREL VACEK heranf\u00fchrt.<\/p>\n\n\n\n<p>Trotz aller Ver\u00e4nderungen bleibt die Essenz des Songs erhalten. Die tiefsinnigen und sentimentalen Zeilen wie &#8220;Wenn deine Geige weint, weint auch mein Herz&#8221; ber\u00fchren nach wie vor tief im Inneren und lassen die Magie dieses Klassikers lebendig werden. Neben der Single-Versionen gibt es von \u201eMusicano, Musicano\u201c auf dieser Download-Single einen Train-Beat-Mix und die Mr.HitMix-Edition.&nbsp;&nbsp;<\/p>\n\n\n\n<p>\u201eMusicano, Musicano\u201c ist ein St\u00fcck Musikgeschichte, das sich stets neu erfindet und dabei doch seiner Seele treu bleibt.&nbsp; (Geschrieben von Stephan Imming)<\/p>\n\n\n\n<p><strong>TOI TOI TOI RECORDS, Download-Single<\/strong><\/p>\n\n\n\n<figure class=\"wp-block-embed is-type-video is-provider-youtube wp-block-embed-youtube wp-embed-aspect-4-3 wp-has-aspect-ratio\"><div class=\"wp-block-embed__wrapper\">\n<iframe title=\"Musicano, Musicano\" width=\"640\" height=\"480\" src=\"https:\/\/www.youtube.com\/embed\/rDwrUfrjapg?feature=oembed\" frameborder=\"0\" allow=\"accelerometer; autoplay; clipboard-write; encrypted-media; gyroscope; picture-in-picture; web-share\" referrerpolicy=\"strict-origin-when-cross-origin\" allowfullscreen><\/iframe>\n<\/div><\/figure>\n\n\n\n<p>Quelle: Presseinfo TOI TOI TOI Records<\/p>\n","protected":false},"excerpt":{"rendered":"<p>&#8220;Du Schwarzer Zigeuner&#8221; &#8211; Ein St\u00fcck Schlagergeschichte im Wandel der Zeit &#8220;Du Schwarzer Zigeuner&#8221;, ein&#8230;<\/p>\n","protected":false},"author":2,"featured_media":2031,"comment_status":"open","ping_status":"open","sticky":false,"template":"","format":"standard","meta":{"footnotes":""},"categories":[1,44,64],"tags":[77,54,79],"class_list":["post-2030","post","type-post","status-publish","format-standard","has-post-thumbnail","hentry","category-allgemein","category-schlager","category-volksmusik-schlager","tag-peter-sebastian","tag-schlager","tag-toi-toi-toi-records"],"featured_image_urls":{"full":["https:\/\/newpromusic.de\/sites\/schlager\/wp-content\/uploads\/sites\/2\/2025\/05\/Peter-Sebastian_Musicano-Musicanoi_Cover-1440.jpg",1440,1440,false],"thumbnail":["https:\/\/newpromusic.de\/sites\/schlager\/wp-content\/uploads\/sites\/2\/2025\/05\/Peter-Sebastian_Musicano-Musicanoi_Cover-1440-150x150.jpg",150,150,true],"medium":["https:\/\/newpromusic.de\/sites\/schlager\/wp-content\/uploads\/sites\/2\/2025\/05\/Peter-Sebastian_Musicano-Musicanoi_Cover-1440-300x300.jpg",300,300,true],"medium_large":["https:\/\/newpromusic.de\/sites\/schlager\/wp-content\/uploads\/sites\/2\/2025\/05\/Peter-Sebastian_Musicano-Musicanoi_Cover-1440-768x768.jpg",640,640,true],"large":["https:\/\/newpromusic.de\/sites\/schlager\/wp-content\/uploads\/sites\/2\/2025\/05\/Peter-Sebastian_Musicano-Musicanoi_Cover-1440-1024x1024.jpg",640,640,true],"1536x1536":["https:\/\/newpromusic.de\/sites\/schlager\/wp-content\/uploads\/sites\/2\/2025\/05\/Peter-Sebastian_Musicano-Musicanoi_Cover-1440.jpg",1440,1440,false],"2048x2048":["https:\/\/newpromusic.de\/sites\/schlager\/wp-content\/uploads\/sites\/2\/2025\/05\/Peter-Sebastian_Musicano-Musicanoi_Cover-1440.jpg",1440,1440,false],"covernews-featured":["https:\/\/newpromusic.de\/sites\/schlager\/wp-content\/uploads\/sites\/2\/2025\/05\/Peter-Sebastian_Musicano-Musicanoi_Cover-1440-1024x1024.jpg",1024,1024,true],"covernews-medium":["https:\/\/newpromusic.de\/sites\/schlager\/wp-content\/uploads\/sites\/2\/2025\/05\/Peter-Sebastian_Musicano-Musicanoi_Cover-1440-540x340.jpg",540,340,true],"audioigniter_cover":["https:\/\/newpromusic.de\/sites\/schlager\/wp-content\/uploads\/sites\/2\/2025\/05\/Peter-Sebastian_Musicano-Musicanoi_Cover-1440-560x560.jpg",560,560,true]},"author_info":{"display_name":"Derk","author_link":"https:\/\/newpromusic.de\/sites\/schlager\/author\/derk-klein\/"},"category_info":"<a href=\"https:\/\/newpromusic.de\/sites\/schlager\/category\/allgemein\/\" rel=\"category tag\">Allgemein<\/a> <a href=\"https:\/\/newpromusic.de\/sites\/schlager\/category\/schlager\/\" rel=\"category tag\">Schlager<\/a> <a href=\"https:\/\/newpromusic.de\/sites\/schlager\/category\/volksmusik-schlager\/\" rel=\"category tag\">Volksmusik\/Schlager<\/a>","tag_info":"Volksmusik\/Schlager","comment_count":"0","_links":{"self":[{"href":"https:\/\/newpromusic.de\/sites\/schlager\/wp-json\/wp\/v2\/posts\/2030","targetHints":{"allow":["GET"]}}],"collection":[{"href":"https:\/\/newpromusic.de\/sites\/schlager\/wp-json\/wp\/v2\/posts"}],"about":[{"href":"https:\/\/newpromusic.de\/sites\/schlager\/wp-json\/wp\/v2\/types\/post"}],"author":[{"embeddable":true,"href":"https:\/\/newpromusic.de\/sites\/schlager\/wp-json\/wp\/v2\/users\/2"}],"replies":[{"embeddable":true,"href":"https:\/\/newpromusic.de\/sites\/schlager\/wp-json\/wp\/v2\/comments?post=2030"}],"version-history":[{"count":2,"href":"https:\/\/newpromusic.de\/sites\/schlager\/wp-json\/wp\/v2\/posts\/2030\/revisions"}],"predecessor-version":[{"id":2034,"href":"https:\/\/newpromusic.de\/sites\/schlager\/wp-json\/wp\/v2\/posts\/2030\/revisions\/2034"}],"wp:featuredmedia":[{"embeddable":true,"href":"https:\/\/newpromusic.de\/sites\/schlager\/wp-json\/wp\/v2\/media\/2031"}],"wp:attachment":[{"href":"https:\/\/newpromusic.de\/sites\/schlager\/wp-json\/wp\/v2\/media?parent=2030"}],"wp:term":[{"taxonomy":"category","embeddable":true,"href":"https:\/\/newpromusic.de\/sites\/schlager\/wp-json\/wp\/v2\/categories?post=2030"},{"taxonomy":"post_tag","embeddable":true,"href":"https:\/\/newpromusic.de\/sites\/schlager\/wp-json\/wp\/v2\/tags?post=2030"}],"curies":[{"name":"wp","href":"https:\/\/api.w.org\/{rel}","templated":true}]}}