{"id":2200,"date":"2025-05-26T12:30:00","date_gmt":"2025-05-26T10:30:00","guid":{"rendered":"https:\/\/newpromusic.de\/sites\/schlager\/?p=2200"},"modified":"2025-05-28T08:55:23","modified_gmt":"2025-05-28T06:55:23","slug":"rosanna-rocci-fuer-mich-ist-es-liebe","status":"publish","type":"post","link":"https:\/\/newpromusic.de\/sites\/schlager\/2025\/05\/26\/rosanna-rocci-fuer-mich-ist-es-liebe\/","title":{"rendered":"ROSANNA ROCCI \u2013 F\u00fcr mich ist es Liebe"},"content":{"rendered":"\n<p>Mit \u201eF\u00fcr mich ist es Liebe\u201c setzt Rosanna Rocci ein kraftvolles musikalisches Statement \u2013 emotional,<br>authentisch und voller Eleganz.<\/p>\n\n\n\n<p>Die charmante Powerfrau mit italienischem Temperament beweist einmal mehr, warum sie seit Jahren<br>eine feste Gr\u00f6\u00dfe in der Szene ist.<\/p>\n\n\n\n<p>Ihre Stimme ber\u00fchrt \u2013 mal zart, mal kraftvoll \u2013 und tr\u00e4gt dieses gef\u00fchlvolle Liebeslied mit einer<br>Leichtigkeit, die nur echten B\u00fchnenprofis gelingt.<\/p>\n\n\n\n<p>Rosanna Rocci steht wie kaum eine andere f\u00fcr zeitgem\u00e4\u00dfen, modernen Schlager mit Herz und<br>Format.<\/p>\n\n\n\n<p>In \u201eF\u00fcr mich ist es Liebe\u201c trifft eine ber\u00fchrende Liebeserkl\u00e4rung auf eine mitrei\u00dfende Produktion:<br>Tanzbar, radiotauglich und mit einer Hookline, die direkt im Ohr bleibt.<\/p>\n\n\n\n<p>Eine Hymne an die echte, tiefe Liebe \u2013 ehrlich, gef\u00fchlvoll und voller Energie.<\/p>\n\n\n\n<p>Ver\u00f6ffentlicht wird die Single vom erfolgreichen Label &#8220;Fiesta Records&#8221;.<\/p>\n\n\n\n<p>Der Song ist ab 30.05.2025 auf allen Download- und Streaming-Portalen erh\u00e4ltlich.<\/p>\n\n\n\n<p>Quelle: Presseinfo Fiesta Records<\/p>\n\n\n\n<p><\/p>\n","protected":false},"excerpt":{"rendered":"<p>Mit \u201eF\u00fcr mich ist es Liebe\u201c setzt Rosanna Rocci ein kraftvolles musikalisches Statement \u2013 emotional,authentisch&#8230;<\/p>\n","protected":false},"author":2,"featured_media":2201,"comment_status":"open","ping_status":"open","sticky":false,"template":"","format":"standard","meta":{"footnotes":""},"categories":[1,44,64],"tags":[69,154,54],"class_list":["post-2200","post","type-post","status-publish","format-standard","has-post-thumbnail","hentry","category-allgemein","category-schlager","category-volksmusik-schlager","tag-fiesta-records","tag-rosanna-rocci","tag-schlager"],"featured_image_urls":{"full":["https:\/\/newpromusic.de\/sites\/schlager\/wp-content\/uploads\/sites\/2\/2025\/05\/Cover_FuerMichIstEsLiebe-scaled.jpg",2560,2560,false],"thumbnail":["https:\/\/newpromusic.de\/sites\/schlager\/wp-content\/uploads\/sites\/2\/2025\/05\/Cover_FuerMichIstEsLiebe-150x150.jpg",150,150,true],"medium":["https:\/\/newpromusic.de\/sites\/schlager\/wp-content\/uploads\/sites\/2\/2025\/05\/Cover_FuerMichIstEsLiebe-300x300.jpg",300,300,true],"medium_large":["https:\/\/newpromusic.de\/sites\/schlager\/wp-content\/uploads\/sites\/2\/2025\/05\/Cover_FuerMichIstEsLiebe-768x768.jpg",640,640,true],"large":["https:\/\/newpromusic.de\/sites\/schlager\/wp-content\/uploads\/sites\/2\/2025\/05\/Cover_FuerMichIstEsLiebe-1024x1024.jpg",640,640,true],"1536x1536":["https:\/\/newpromusic.de\/sites\/schlager\/wp-content\/uploads\/sites\/2\/2025\/05\/Cover_FuerMichIstEsLiebe-1536x1536.jpg",1536,1536,true],"2048x2048":["https:\/\/newpromusic.de\/sites\/schlager\/wp-content\/uploads\/sites\/2\/2025\/05\/Cover_FuerMichIstEsLiebe-2048x2048.jpg",2048,2048,true],"covernews-featured":["https:\/\/newpromusic.de\/sites\/schlager\/wp-content\/uploads\/sites\/2\/2025\/05\/Cover_FuerMichIstEsLiebe-1024x1024.jpg",1024,1024,true],"covernews-medium":["https:\/\/newpromusic.de\/sites\/schlager\/wp-content\/uploads\/sites\/2\/2025\/05\/Cover_FuerMichIstEsLiebe-540x340.jpg",540,340,true],"audioigniter_cover":["https:\/\/newpromusic.de\/sites\/schlager\/wp-content\/uploads\/sites\/2\/2025\/05\/Cover_FuerMichIstEsLiebe-560x560.jpg",560,560,true]},"author_info":{"display_name":"Derk","author_link":"https:\/\/newpromusic.de\/sites\/schlager\/author\/derk-klein\/"},"category_info":"<a href=\"https:\/\/newpromusic.de\/sites\/schlager\/category\/allgemein\/\" rel=\"category tag\">Allgemein<\/a> <a href=\"https:\/\/newpromusic.de\/sites\/schlager\/category\/schlager\/\" rel=\"category tag\">Schlager<\/a> <a href=\"https:\/\/newpromusic.de\/sites\/schlager\/category\/volksmusik-schlager\/\" rel=\"category tag\">Volksmusik\/Schlager<\/a>","tag_info":"Volksmusik\/Schlager","comment_count":"0","_links":{"self":[{"href":"https:\/\/newpromusic.de\/sites\/schlager\/wp-json\/wp\/v2\/posts\/2200","targetHints":{"allow":["GET"]}}],"collection":[{"href":"https:\/\/newpromusic.de\/sites\/schlager\/wp-json\/wp\/v2\/posts"}],"about":[{"href":"https:\/\/newpromusic.de\/sites\/schlager\/wp-json\/wp\/v2\/types\/post"}],"author":[{"embeddable":true,"href":"https:\/\/newpromusic.de\/sites\/schlager\/wp-json\/wp\/v2\/users\/2"}],"replies":[{"embeddable":true,"href":"https:\/\/newpromusic.de\/sites\/schlager\/wp-json\/wp\/v2\/comments?post=2200"}],"version-history":[{"count":1,"href":"https:\/\/newpromusic.de\/sites\/schlager\/wp-json\/wp\/v2\/posts\/2200\/revisions"}],"predecessor-version":[{"id":2202,"href":"https:\/\/newpromusic.de\/sites\/schlager\/wp-json\/wp\/v2\/posts\/2200\/revisions\/2202"}],"wp:featuredmedia":[{"embeddable":true,"href":"https:\/\/newpromusic.de\/sites\/schlager\/wp-json\/wp\/v2\/media\/2201"}],"wp:attachment":[{"href":"https:\/\/newpromusic.de\/sites\/schlager\/wp-json\/wp\/v2\/media?parent=2200"}],"wp:term":[{"taxonomy":"category","embeddable":true,"href":"https:\/\/newpromusic.de\/sites\/schlager\/wp-json\/wp\/v2\/categories?post=2200"},{"taxonomy":"post_tag","embeddable":true,"href":"https:\/\/newpromusic.de\/sites\/schlager\/wp-json\/wp\/v2\/tags?post=2200"}],"curies":[{"name":"wp","href":"https:\/\/api.w.org\/{rel}","templated":true}]}}