{"id":2041,"date":"2025-05-07T19:52:26","date_gmt":"2025-05-07T17:52:26","guid":{"rendered":"https:\/\/newpromusic.de\/sites\/blog\/2025\/05\/07\/marvin-markel-auf-den-fluegeln-des-ikarus\/"},"modified":"2025-05-20T23:54:28","modified_gmt":"2025-05-20T21:54:28","slug":"marvin-markel-auf-den-fluegeln-des-ikarus","status":"publish","type":"post","link":"https:\/\/newpromusic.de\/sites\/blog\/2025\/05\/07\/marvin-markel-auf-den-fluegeln-des-ikarus\/","title":{"rendered":"MARVIN MARKEL \u2013 Auf den Fl\u00fcgeln des Ikarus"},"content":{"rendered":"\n<p>Mit seiner aktuellen Ver\u00f6ffentlichung \u201eAuf den Fl\u00fcgeln des Ikarus\u201c schl\u00e4gt Marvin Markel nun das<br>n\u00e4chste Kapitel auf.<\/p>\n\n\n\n<p>Der Song aus der Feder von Helmut Hirner und Thorsten Schmidt verbindet gro\u00dfe Gef\u00fchle mit einer<br>poetischen Bildsprache und erz\u00e4hlt von der Liebe in all ihrer Verletzlichkeit \u2013 getragen von einer<br>Melodie, die im Ohr bleibt.<\/p>\n\n\n\n<p>Produziert wurde auch dieser Titel von Johannes Peter Lechner, der Marvin seit Beginn seiner<br>musikalischen Reise begleitet.<\/p>\n\n\n\n<p>Unterst\u00fctzt wurde er dabei von Promoter Uwe Omland, der sein musikalisches Potenzial fr\u00fch erkannte.<\/p>\n\n\n\n<p>Ver\u00f6ffentlicht wird die Single vom erfolgreichen Label &#8222;Fiesta Records&#8220;.<\/p>\n\n\n\n<p>Der Song ist ab 09.05.2025 auf allen Download- und Streaming-Portalen erh\u00e4ltlich<\/p>\n\n\n\n<p>Quelle: Presseinfo Fiesta Records<\/p>\n","protected":false},"excerpt":{"rendered":"<p>Mit seiner aktuellen Ver\u00f6ffentlichung \u201eAuf den Fl\u00fcgeln des Ikarus\u201c schl\u00e4gt Marvin Markel nun dasn\u00e4chste Kapitel&#8230;<\/p>\n","protected":false},"author":2,"featured_media":2042,"comment_status":"open","ping_status":"open","sticky":false,"template":"","format":"standard","meta":{"footnotes":""},"categories":[1,34,55],"tags":[58,86,44],"post_badge":[],"class_list":["post-2041","post","type-post","status-publish","format-standard","has-post-thumbnail","hentry","category-allgemein","category-schlager","category-volksmusik-schlager","tag-fiesta-records","tag-marvin-markel","tag-schlager"],"featured_image_urls":{"full":["https:\/\/newpromusic.de\/sites\/wp-content\/uploads\/2025\/05\/Cover_AufDenFluegelnDesIkarus-scaled.jpg",2560,2560,false],"thumbnail":["https:\/\/newpromusic.de\/sites\/wp-content\/uploads\/2025\/05\/Cover_AufDenFluegelnDesIkarus-scaled-150x150.jpg",150,150,true],"medium":["https:\/\/newpromusic.de\/sites\/wp-content\/uploads\/2025\/05\/Cover_AufDenFluegelnDesIkarus-scaled-300x300.jpg",300,300,true],"medium_large":["https:\/\/newpromusic.de\/sites\/wp-content\/uploads\/2025\/05\/Cover_AufDenFluegelnDesIkarus-scaled-768x768.jpg",640,640,true],"large":["https:\/\/newpromusic.de\/sites\/wp-content\/uploads\/2025\/05\/Cover_AufDenFluegelnDesIkarus-scaled-1024x1024.jpg",640,640,true],"1536x1536":["https:\/\/newpromusic.de\/sites\/wp-content\/uploads\/2025\/05\/Cover_AufDenFluegelnDesIkarus-scaled-1536x1536.jpg",1536,1536,true],"2048x2048":["https:\/\/newpromusic.de\/sites\/wp-content\/uploads\/2025\/05\/Cover_AufDenFluegelnDesIkarus-scaled-2048x2048.jpg",2048,2048,true],"covernews-slider-full":["https:\/\/newpromusic.de\/sites\/wp-content\/uploads\/2025\/05\/Cover_AufDenFluegelnDesIkarus-scaled-1115x715.jpg",1115,715,true],"covernews-slider-center":["https:\/\/newpromusic.de\/sites\/wp-content\/uploads\/2025\/05\/Cover_AufDenFluegelnDesIkarus-scaled-800x500.jpg",800,500,true],"covernews-featured":["https:\/\/newpromusic.de\/sites\/wp-content\/uploads\/2025\/05\/Cover_AufDenFluegelnDesIkarus-scaled-1024x1024.jpg",1024,1024,true],"covernews-medium":["https:\/\/newpromusic.de\/sites\/wp-content\/uploads\/2025\/05\/Cover_AufDenFluegelnDesIkarus-scaled-540x340.jpg",540,340,true],"covernews-medium-square":["https:\/\/newpromusic.de\/sites\/wp-content\/uploads\/2025\/05\/Cover_AufDenFluegelnDesIkarus-scaled-400x250.jpg",400,250,true]},"author_info":{"display_name":"Derk","author_link":"https:\/\/newpromusic.de\/sites\/blog\/author\/derk-klein\/"},"category_info":"<a href=\"https:\/\/newpromusic.de\/sites\/blog\/category\/allgemein\/\" rel=\"category tag\">Allgemein<\/a> <a href=\"https:\/\/newpromusic.de\/sites\/blog\/category\/schlager\/\" rel=\"category tag\">Schlager<\/a> <a href=\"https:\/\/newpromusic.de\/sites\/blog\/category\/volksmusik-schlager\/\" rel=\"category tag\">Volksmusik\/Schlager<\/a>","tag_info":"Volksmusik\/Schlager","comment_count":"0","_links":{"self":[{"href":"https:\/\/newpromusic.de\/sites\/wp-json\/wp\/v2\/posts\/2041","targetHints":{"allow":["GET"]}}],"collection":[{"href":"https:\/\/newpromusic.de\/sites\/wp-json\/wp\/v2\/posts"}],"about":[{"href":"https:\/\/newpromusic.de\/sites\/wp-json\/wp\/v2\/types\/post"}],"author":[{"embeddable":true,"href":"https:\/\/newpromusic.de\/sites\/wp-json\/wp\/v2\/users\/2"}],"replies":[{"embeddable":true,"href":"https:\/\/newpromusic.de\/sites\/wp-json\/wp\/v2\/comments?post=2041"}],"version-history":[{"count":1,"href":"https:\/\/newpromusic.de\/sites\/wp-json\/wp\/v2\/posts\/2041\/revisions"}],"predecessor-version":[{"id":2043,"href":"https:\/\/newpromusic.de\/sites\/wp-json\/wp\/v2\/posts\/2041\/revisions\/2043"}],"wp:featuredmedia":[{"embeddable":true,"href":"https:\/\/newpromusic.de\/sites\/wp-json\/wp\/v2\/media\/2042"}],"wp:attachment":[{"href":"https:\/\/newpromusic.de\/sites\/wp-json\/wp\/v2\/media?parent=2041"}],"wp:term":[{"taxonomy":"category","embeddable":true,"href":"https:\/\/newpromusic.de\/sites\/wp-json\/wp\/v2\/categories?post=2041"},{"taxonomy":"post_tag","embeddable":true,"href":"https:\/\/newpromusic.de\/sites\/wp-json\/wp\/v2\/tags?post=2041"},{"taxonomy":"post_badge","embeddable":true,"href":"https:\/\/newpromusic.de\/sites\/wp-json\/wp\/v2\/post_badge?post=2041"}],"curies":[{"name":"wp","href":"https:\/\/api.w.org\/{rel}","templated":true}]}}