{"id":2110,"date":"2025-05-12T11:30:00","date_gmt":"2025-05-12T09:30:00","guid":{"rendered":"https:\/\/newpromusic.de\/sites\/blog\/2025\/05\/12\/nic-baby-mir-platzt-gleich-der-kragen\/"},"modified":"2025-05-20T23:59:35","modified_gmt":"2025-05-20T21:59:35","slug":"nic-baby-mir-platzt-gleich-der-kragen","status":"publish","type":"post","link":"https:\/\/newpromusic.de\/sites\/blog\/2025\/05\/12\/nic-baby-mir-platzt-gleich-der-kragen\/","title":{"rendered":"NIC \u2013 Baby, mir platzt gleich der Kragen"},"content":{"rendered":"\n<p>Mit seiner neuen Single \u201eBaby, mir platzt gleich der Kragen\u201c meldet sich NIC energiegeladen und mit<br>jeder Menge Augenzwinkern zur\u00fcck.<\/p>\n\n\n\n<p>Nach seinen erfolgreichen Hits wie \u201eEinen Stern (\u2026der deinen Namen tr\u00e4gt)\u201c, \u201eSweet Caroline\u201c,<br>\u201eDie Liebe bebt\u201c und \u201eAbgrundtief\u201c, welche er auf den gr\u00f6\u00dften Schlagerb\u00fchnen Deutschlands<br>performen durfte, begeistert der ambitionierte K\u00fcnstler nun mit seinem neuen Titel \u201eBaby, mir platzt<br>gleich der Kragen\u201c.<\/p>\n\n\n\n<p>Der mitrei\u00dfende Discofox-Titel thematisiert humorvoll die allt\u00e4glichen Reibereien in der Liebe \u2013<br>charmant, lebensnah und absolut tanzbar.<\/p>\n\n\n\n<p>Der Song \u00fcberzeugt durch eine ohrwurmtaugliche Melodie, NICs unverkennbare Stimme und seine<br>typische Mischung aus Schlagfertigkeit und Charme.<\/p>\n\n\n\n<p>\u201eBaby, mir platzt gleich der Kragen\u201c reiht sich nahtlos in NICs lange Liste an Partyhits ein und garantiert<br>beste Stimmung \u2013 ob im Club, auf der Schlagerb\u00fchne oder zu Hause.<\/p>\n\n\n\n<p>Ein Muss f\u00fcr alle Fans von mitrei\u00dfendem Popschlager mit Humor und Herz!<\/p>\n\n\n\n<p>Ver\u00f6ffentlicht wird die Single vom erfolgreichen Label &#8222;Fiesta Records&#8220;.<\/p>\n\n\n\n<p>Der Song ist ab 16.05.2025 auf allen Download- und Streaming-Portalen erh\u00e4ltlich.<\/p>\n\n\n\n<p>Quelle: Presseinfo Fiesta Records<\/p>\n\n\n\n<p><\/p>\n","protected":false},"excerpt":{"rendered":"<p>Mit seiner neuen Single \u201eBaby, mir platzt gleich der Kragen\u201c meldet sich NIC energiegeladen und&#8230;<\/p>\n","protected":false},"author":2,"featured_media":2111,"comment_status":"open","ping_status":"open","sticky":false,"template":"","format":"standard","meta":{"footnotes":""},"categories":[1,34,55],"tags":[58,96,44],"post_badge":[],"class_list":["post-2110","post","type-post","status-publish","format-standard","has-post-thumbnail","hentry","category-allgemein","category-schlager","category-volksmusik-schlager","tag-fiesta-records","tag-nic","tag-schlager"],"featured_image_urls":{"full":["https:\/\/newpromusic.de\/sites\/wp-content\/uploads\/2025\/05\/Cover_BabyMirPlatztGleichDerKragen-scaled.jpg",2560,2560,false],"thumbnail":["https:\/\/newpromusic.de\/sites\/wp-content\/uploads\/2025\/05\/Cover_BabyMirPlatztGleichDerKragen-scaled-150x150.jpg",150,150,true],"medium":["https:\/\/newpromusic.de\/sites\/wp-content\/uploads\/2025\/05\/Cover_BabyMirPlatztGleichDerKragen-scaled-300x300.jpg",300,300,true],"medium_large":["https:\/\/newpromusic.de\/sites\/wp-content\/uploads\/2025\/05\/Cover_BabyMirPlatztGleichDerKragen-scaled-768x768.jpg",640,640,true],"large":["https:\/\/newpromusic.de\/sites\/wp-content\/uploads\/2025\/05\/Cover_BabyMirPlatztGleichDerKragen-scaled-1024x1024.jpg",640,640,true],"1536x1536":["https:\/\/newpromusic.de\/sites\/wp-content\/uploads\/2025\/05\/Cover_BabyMirPlatztGleichDerKragen-scaled-1536x1536.jpg",1536,1536,true],"2048x2048":["https:\/\/newpromusic.de\/sites\/wp-content\/uploads\/2025\/05\/Cover_BabyMirPlatztGleichDerKragen-scaled-2048x2048.jpg",2048,2048,true],"covernews-slider-full":["https:\/\/newpromusic.de\/sites\/wp-content\/uploads\/2025\/05\/Cover_BabyMirPlatztGleichDerKragen-scaled-1115x715.jpg",1115,715,true],"covernews-slider-center":["https:\/\/newpromusic.de\/sites\/wp-content\/uploads\/2025\/05\/Cover_BabyMirPlatztGleichDerKragen-scaled-800x500.jpg",800,500,true],"covernews-featured":["https:\/\/newpromusic.de\/sites\/wp-content\/uploads\/2025\/05\/Cover_BabyMirPlatztGleichDerKragen-scaled-1024x1024.jpg",1024,1024,true],"covernews-medium":["https:\/\/newpromusic.de\/sites\/wp-content\/uploads\/2025\/05\/Cover_BabyMirPlatztGleichDerKragen-scaled-540x340.jpg",540,340,true],"covernews-medium-square":["https:\/\/newpromusic.de\/sites\/wp-content\/uploads\/2025\/05\/Cover_BabyMirPlatztGleichDerKragen-scaled-400x250.jpg",400,250,true]},"author_info":{"display_name":"Derk","author_link":"https:\/\/newpromusic.de\/sites\/blog\/author\/derk-klein\/"},"category_info":"<a href=\"https:\/\/newpromusic.de\/sites\/blog\/category\/allgemein\/\" rel=\"category tag\">Allgemein<\/a> <a href=\"https:\/\/newpromusic.de\/sites\/blog\/category\/schlager\/\" rel=\"category tag\">Schlager<\/a> <a href=\"https:\/\/newpromusic.de\/sites\/blog\/category\/volksmusik-schlager\/\" rel=\"category tag\">Volksmusik\/Schlager<\/a>","tag_info":"Volksmusik\/Schlager","comment_count":"0","_links":{"self":[{"href":"https:\/\/newpromusic.de\/sites\/wp-json\/wp\/v2\/posts\/2110","targetHints":{"allow":["GET"]}}],"collection":[{"href":"https:\/\/newpromusic.de\/sites\/wp-json\/wp\/v2\/posts"}],"about":[{"href":"https:\/\/newpromusic.de\/sites\/wp-json\/wp\/v2\/types\/post"}],"author":[{"embeddable":true,"href":"https:\/\/newpromusic.de\/sites\/wp-json\/wp\/v2\/users\/2"}],"replies":[{"embeddable":true,"href":"https:\/\/newpromusic.de\/sites\/wp-json\/wp\/v2\/comments?post=2110"}],"version-history":[{"count":1,"href":"https:\/\/newpromusic.de\/sites\/wp-json\/wp\/v2\/posts\/2110\/revisions"}],"predecessor-version":[{"id":2189,"href":"https:\/\/newpromusic.de\/sites\/wp-json\/wp\/v2\/posts\/2110\/revisions\/2189"}],"wp:featuredmedia":[{"embeddable":true,"href":"https:\/\/newpromusic.de\/sites\/wp-json\/wp\/v2\/media\/2111"}],"wp:attachment":[{"href":"https:\/\/newpromusic.de\/sites\/wp-json\/wp\/v2\/media?parent=2110"}],"wp:term":[{"taxonomy":"category","embeddable":true,"href":"https:\/\/newpromusic.de\/sites\/wp-json\/wp\/v2\/categories?post=2110"},{"taxonomy":"post_tag","embeddable":true,"href":"https:\/\/newpromusic.de\/sites\/wp-json\/wp\/v2\/tags?post=2110"},{"taxonomy":"post_badge","embeddable":true,"href":"https:\/\/newpromusic.de\/sites\/wp-json\/wp\/v2\/post_badge?post=2110"}],"curies":[{"name":"wp","href":"https:\/\/api.w.org\/{rel}","templated":true}]}}